{"id":836,"date":"2021-07-07T09:54:19","date_gmt":"2021-07-07T07:54:19","guid":{"rendered":"http:\/\/www.carrosserieducastellet.fr\/?p=836"},"modified":"2022-03-26T19:29:22","modified_gmt":"2022-03-26T18:29:22","slug":"ferrari-348","status":"publish","type":"post","link":"https:\/\/www.carrosserieducastellet.fr\/index.php\/2021\/07\/07\/ferrari-348\/","title":{"rendered":"Ferrari 348"},"content":{"rendered":"\n<p>Bon, ok, sur celle-l\u00e0 on n&rsquo;aura trait\u00e9 que le pare-choc avant&#8230;<\/p>\n\n\n\n<p>Mais c&rsquo;est tout de m\u00eame une <strong>Ferrari 348 3.4 TS de 300 cv<\/strong>, une bien belle italienne !<\/p>\n\n\n\n<figure class=\"wp-block-image size-large\"><img loading=\"lazy\" decoding=\"async\" width=\"1024\" height=\"768\" src=\"https:\/\/www.carrosserieducastellet.fr\/wp-content\/uploads\/2021\/08\/Ferrari_348_072021-1.jpg\" alt=\"\" class=\"wp-image-1068\" srcset=\"https:\/\/www.carrosserieducastellet.fr\/wp-content\/uploads\/2021\/08\/Ferrari_348_072021-1.jpg 1024w, https:\/\/www.carrosserieducastellet.fr\/wp-content\/uploads\/2021\/08\/Ferrari_348_072021-1-300x225.jpg 300w, https:\/\/www.carrosserieducastellet.fr\/wp-content\/uploads\/2021\/08\/Ferrari_348_072021-1-768x576.jpg 768w, https:\/\/www.carrosserieducastellet.fr\/wp-content\/uploads\/2021\/08\/Ferrari_348_072021-1-825x620.jpg 825w, https:\/\/www.carrosserieducastellet.fr\/wp-content\/uploads\/2021\/08\/Ferrari_348_072021-1-600x450.jpg 600w, https:\/\/www.carrosserieducastellet.fr\/wp-content\/uploads\/2021\/08\/Ferrari_348_072021-1-400x300.jpg 400w\" sizes=\"auto, (max-width: 1024px) 100vw, 1024px\" \/><\/figure>\n\n\n\n<p>Le pare-choc a frott\u00e9 par terre est est r\u00e2p\u00e9 dans la partie inf\u00e9rieure.<\/p>\n\n\n\n<figure class=\"wp-block-image size-large\"><img loading=\"lazy\" decoding=\"async\" width=\"1024\" height=\"768\" src=\"https:\/\/www.carrosserieducastellet.fr\/wp-content\/uploads\/2021\/08\/Ferrari_348_072021-2.jpg\" alt=\"\" class=\"wp-image-1069\" srcset=\"https:\/\/www.carrosserieducastellet.fr\/wp-content\/uploads\/2021\/08\/Ferrari_348_072021-2.jpg 1024w, https:\/\/www.carrosserieducastellet.fr\/wp-content\/uploads\/2021\/08\/Ferrari_348_072021-2-300x225.jpg 300w, https:\/\/www.carrosserieducastellet.fr\/wp-content\/uploads\/2021\/08\/Ferrari_348_072021-2-768x576.jpg 768w, https:\/\/www.carrosserieducastellet.fr\/wp-content\/uploads\/2021\/08\/Ferrari_348_072021-2-825x620.jpg 825w, https:\/\/www.carrosserieducastellet.fr\/wp-content\/uploads\/2021\/08\/Ferrari_348_072021-2-600x450.jpg 600w, https:\/\/www.carrosserieducastellet.fr\/wp-content\/uploads\/2021\/08\/Ferrari_348_072021-2-400x300.jpg 400w\" sizes=\"auto, (max-width: 1024px) 100vw, 1024px\" \/><\/figure>\n\n\n\n<p>Apr\u00e8s avoir d\u00e9mont\u00e9 les anti-brouillards (avec pr\u00e9caution, car ces pi\u00e8ces sont devenues introuvables, s&rsquo;il fallait les remplacer !), retir\u00e9 la grille et soigneusement masqu\u00e9 la plaque d&rsquo;immatriculation (coll\u00e9e, elle ne peut \u00eatre retir\u00e9e), on va pouvoir s&rsquo;occuper de remettre tout \u00e7a en \u00e9tat.<\/p>\n\n\n\n<figure class=\"wp-block-gallery columns-2 is-cropped wp-block-gallery-1 is-layout-flex wp-block-gallery-is-layout-flex\"><ul class=\"blocks-gallery-grid\"><li class=\"blocks-gallery-item\"><figure><a href=\"https:\/\/www.carrosserieducastellet.fr\/wp-content\/uploads\/2021\/08\/Ferrari_348_072021-3.jpg\"><img loading=\"lazy\" decoding=\"async\" width=\"1024\" height=\"768\" src=\"https:\/\/www.carrosserieducastellet.fr\/wp-content\/uploads\/2021\/08\/Ferrari_348_072021-3.jpg\" alt=\"\" data-id=\"1070\" data-full-url=\"https:\/\/www.carrosserieducastellet.fr\/wp-content\/uploads\/2021\/08\/Ferrari_348_072021-3.jpg\" data-link=\"https:\/\/www.carrosserieducastellet.fr\/index.php\/2021\/07\/07\/ferrari-348\/ferrari_348_072021-3\/\" class=\"wp-image-1070\" srcset=\"https:\/\/www.carrosserieducastellet.fr\/wp-content\/uploads\/2021\/08\/Ferrari_348_072021-3.jpg 1024w, https:\/\/www.carrosserieducastellet.fr\/wp-content\/uploads\/2021\/08\/Ferrari_348_072021-3-300x225.jpg 300w, https:\/\/www.carrosserieducastellet.fr\/wp-content\/uploads\/2021\/08\/Ferrari_348_072021-3-768x576.jpg 768w, https:\/\/www.carrosserieducastellet.fr\/wp-content\/uploads\/2021\/08\/Ferrari_348_072021-3-825x620.jpg 825w, https:\/\/www.carrosserieducastellet.fr\/wp-content\/uploads\/2021\/08\/Ferrari_348_072021-3-600x450.jpg 600w, https:\/\/www.carrosserieducastellet.fr\/wp-content\/uploads\/2021\/08\/Ferrari_348_072021-3-400x300.jpg 400w\" sizes=\"auto, (max-width: 1024px) 100vw, 1024px\" \/><\/a><\/figure><\/li><li class=\"blocks-gallery-item\"><figure><a href=\"https:\/\/www.carrosserieducastellet.fr\/wp-content\/uploads\/2021\/08\/Ferrari_348_072021-4.jpg\"><img loading=\"lazy\" decoding=\"async\" width=\"1024\" height=\"768\" src=\"https:\/\/www.carrosserieducastellet.fr\/wp-content\/uploads\/2021\/08\/Ferrari_348_072021-4.jpg\" alt=\"\" data-id=\"1071\" data-full-url=\"https:\/\/www.carrosserieducastellet.fr\/wp-content\/uploads\/2021\/08\/Ferrari_348_072021-4.jpg\" data-link=\"https:\/\/www.carrosserieducastellet.fr\/index.php\/2021\/07\/07\/ferrari-348\/ferrari_348_072021-4\/\" class=\"wp-image-1071\" srcset=\"https:\/\/www.carrosserieducastellet.fr\/wp-content\/uploads\/2021\/08\/Ferrari_348_072021-4.jpg 1024w, https:\/\/www.carrosserieducastellet.fr\/wp-content\/uploads\/2021\/08\/Ferrari_348_072021-4-300x225.jpg 300w, https:\/\/www.carrosserieducastellet.fr\/wp-content\/uploads\/2021\/08\/Ferrari_348_072021-4-768x576.jpg 768w, https:\/\/www.carrosserieducastellet.fr\/wp-content\/uploads\/2021\/08\/Ferrari_348_072021-4-825x620.jpg 825w, https:\/\/www.carrosserieducastellet.fr\/wp-content\/uploads\/2021\/08\/Ferrari_348_072021-4-600x450.jpg 600w, https:\/\/www.carrosserieducastellet.fr\/wp-content\/uploads\/2021\/08\/Ferrari_348_072021-4-400x300.jpg 400w\" sizes=\"auto, (max-width: 1024px) 100vw, 1024px\" \/><\/a><\/figure><\/li><\/ul><\/figure>\n\n\n\n<h2 class=\"wp-block-heading\">R\u00e9paration termin\u00e9e<\/h2>\n\n\n\n<figure class=\"wp-block-image size-large\"><img loading=\"lazy\" decoding=\"async\" width=\"1024\" height=\"768\" src=\"https:\/\/www.carrosserieducastellet.fr\/wp-content\/uploads\/2021\/07\/Ferrari_348_072021-1.jpg\" alt=\"\" class=\"wp-image-837\" srcset=\"https:\/\/www.carrosserieducastellet.fr\/wp-content\/uploads\/2021\/07\/Ferrari_348_072021-1.jpg 1024w, https:\/\/www.carrosserieducastellet.fr\/wp-content\/uploads\/2021\/07\/Ferrari_348_072021-1-300x225.jpg 300w, https:\/\/www.carrosserieducastellet.fr\/wp-content\/uploads\/2021\/07\/Ferrari_348_072021-1-768x576.jpg 768w, https:\/\/www.carrosserieducastellet.fr\/wp-content\/uploads\/2021\/07\/Ferrari_348_072021-1-825x620.jpg 825w, https:\/\/www.carrosserieducastellet.fr\/wp-content\/uploads\/2021\/07\/Ferrari_348_072021-1-600x450.jpg 600w, https:\/\/www.carrosserieducastellet.fr\/wp-content\/uploads\/2021\/07\/Ferrari_348_072021-1-400x300.jpg 400w\" sizes=\"auto, (max-width: 1024px) 100vw, 1024px\" \/><\/figure>\n\n\n\n<p>On en profite pour remarquer que la grille avant est sur une surface pleine, noire. \u00c7a ressemble \u00e0 une ou\u00efe pour le radiateur, mais \u00e7a n&rsquo;en est pas.<\/p>\n\n\n\n<p>L&rsquo;air circule par le passage c\u00f4t\u00e9 droit du pare-choc, pour aller probablement vers l&rsquo;arri\u00e8re, l\u00e0 o\u00f9 est le moteur.<\/p>\n\n\n\n<p>(Travail r\u00e9alis\u00e9 pour <strong><a rel=\"noreferrer noopener\" href=\"http:\/\/arsclassic.fr\/\" data-type=\"URL\" data-id=\"http:\/\/arsclassic.fr\/\" target=\"_blank\">ARS Classic<\/a><\/strong>)<\/p>\n\n\n\n<h2 class=\"wp-block-heading\">Ferrari 348 TB<\/h2>\n\n\n\n<p>Celle-ci est pass\u00e9e au garage, presque par hasard. On ne r\u00e9siste pas au plaisir de la prendre en photo, et \u00e7a tombe bien pour illustrer l&rsquo;auto dont parle ce post. C&rsquo;est un mod\u00e8le de 1991, en excellent \u00e9tat d&rsquo;origine !<\/p>\n\n\n\n<figure class=\"wp-block-gallery columns-3 is-cropped wp-block-gallery-2 is-layout-flex wp-block-gallery-is-layout-flex\"><ul class=\"blocks-gallery-grid\"><li class=\"blocks-gallery-item\"><figure><a href=\"https:\/\/www.carrosserieducastellet.fr\/wp-content\/uploads\/2022\/03\/Ferrari_348_TB-1.jpg\"><img loading=\"lazy\" decoding=\"async\" width=\"1024\" height=\"768\" src=\"https:\/\/www.carrosserieducastellet.fr\/wp-content\/uploads\/2022\/03\/Ferrari_348_TB-1-1024x768.jpg\" alt=\"\" data-id=\"1626\" data-full-url=\"https:\/\/www.carrosserieducastellet.fr\/wp-content\/uploads\/2022\/03\/Ferrari_348_TB-1.jpg\" data-link=\"https:\/\/www.carrosserieducastellet.fr\/index.php\/2021\/07\/07\/ferrari-348\/ferrari_348_tb-1\/\" class=\"wp-image-1626\" srcset=\"https:\/\/www.carrosserieducastellet.fr\/wp-content\/uploads\/2022\/03\/Ferrari_348_TB-1-1024x768.jpg 1024w, https:\/\/www.carrosserieducastellet.fr\/wp-content\/uploads\/2022\/03\/Ferrari_348_TB-1-300x225.jpg 300w, https:\/\/www.carrosserieducastellet.fr\/wp-content\/uploads\/2022\/03\/Ferrari_348_TB-1-768x576.jpg 768w, https:\/\/www.carrosserieducastellet.fr\/wp-content\/uploads\/2022\/03\/Ferrari_348_TB-1-1536x1152.jpg 1536w, https:\/\/www.carrosserieducastellet.fr\/wp-content\/uploads\/2022\/03\/Ferrari_348_TB-1-825x620.jpg 825w, https:\/\/www.carrosserieducastellet.fr\/wp-content\/uploads\/2022\/03\/Ferrari_348_TB-1-1333x1000.jpg 1333w, https:\/\/www.carrosserieducastellet.fr\/wp-content\/uploads\/2022\/03\/Ferrari_348_TB-1-600x450.jpg 600w, https:\/\/www.carrosserieducastellet.fr\/wp-content\/uploads\/2022\/03\/Ferrari_348_TB-1-400x300.jpg 400w, https:\/\/www.carrosserieducastellet.fr\/wp-content\/uploads\/2022\/03\/Ferrari_348_TB-1.jpg 2048w\" sizes=\"auto, (max-width: 1024px) 100vw, 1024px\" \/><\/a><\/figure><\/li><li class=\"blocks-gallery-item\"><figure><a href=\"https:\/\/www.carrosserieducastellet.fr\/wp-content\/uploads\/2022\/03\/Ferrari_348_TB-2.jpg\"><img loading=\"lazy\" decoding=\"async\" width=\"1024\" height=\"768\" src=\"https:\/\/www.carrosserieducastellet.fr\/wp-content\/uploads\/2022\/03\/Ferrari_348_TB-2-1024x768.jpg\" alt=\"\" data-id=\"1627\" data-full-url=\"https:\/\/www.carrosserieducastellet.fr\/wp-content\/uploads\/2022\/03\/Ferrari_348_TB-2.jpg\" data-link=\"https:\/\/www.carrosserieducastellet.fr\/index.php\/2021\/07\/07\/ferrari-348\/ferrari_348_tb-2\/\" class=\"wp-image-1627\" srcset=\"https:\/\/www.carrosserieducastellet.fr\/wp-content\/uploads\/2022\/03\/Ferrari_348_TB-2-1024x768.jpg 1024w, https:\/\/www.carrosserieducastellet.fr\/wp-content\/uploads\/2022\/03\/Ferrari_348_TB-2-300x225.jpg 300w, https:\/\/www.carrosserieducastellet.fr\/wp-content\/uploads\/2022\/03\/Ferrari_348_TB-2-768x576.jpg 768w, https:\/\/www.carrosserieducastellet.fr\/wp-content\/uploads\/2022\/03\/Ferrari_348_TB-2-1536x1152.jpg 1536w, https:\/\/www.carrosserieducastellet.fr\/wp-content\/uploads\/2022\/03\/Ferrari_348_TB-2-825x620.jpg 825w, https:\/\/www.carrosserieducastellet.fr\/wp-content\/uploads\/2022\/03\/Ferrari_348_TB-2-1333x1000.jpg 1333w, https:\/\/www.carrosserieducastellet.fr\/wp-content\/uploads\/2022\/03\/Ferrari_348_TB-2-600x450.jpg 600w, https:\/\/www.carrosserieducastellet.fr\/wp-content\/uploads\/2022\/03\/Ferrari_348_TB-2-400x300.jpg 400w, https:\/\/www.carrosserieducastellet.fr\/wp-content\/uploads\/2022\/03\/Ferrari_348_TB-2.jpg 2048w\" sizes=\"auto, (max-width: 1024px) 100vw, 1024px\" \/><\/a><\/figure><\/li><li class=\"blocks-gallery-item\"><figure><a href=\"https:\/\/www.carrosserieducastellet.fr\/wp-content\/uploads\/2022\/03\/Ferrari_348_TB-3.jpg\"><img loading=\"lazy\" decoding=\"async\" width=\"1024\" height=\"768\" src=\"https:\/\/www.carrosserieducastellet.fr\/wp-content\/uploads\/2022\/03\/Ferrari_348_TB-3-1024x768.jpg\" alt=\"\" data-id=\"1628\" data-full-url=\"https:\/\/www.carrosserieducastellet.fr\/wp-content\/uploads\/2022\/03\/Ferrari_348_TB-3.jpg\" data-link=\"https:\/\/www.carrosserieducastellet.fr\/index.php\/2021\/07\/07\/ferrari-348\/ferrari_348_tb-3\/\" class=\"wp-image-1628\" srcset=\"https:\/\/www.carrosserieducastellet.fr\/wp-content\/uploads\/2022\/03\/Ferrari_348_TB-3-1024x768.jpg 1024w, https:\/\/www.carrosserieducastellet.fr\/wp-content\/uploads\/2022\/03\/Ferrari_348_TB-3-300x225.jpg 300w, https:\/\/www.carrosserieducastellet.fr\/wp-content\/uploads\/2022\/03\/Ferrari_348_TB-3-768x576.jpg 768w, https:\/\/www.carrosserieducastellet.fr\/wp-content\/uploads\/2022\/03\/Ferrari_348_TB-3-1536x1152.jpg 1536w, https:\/\/www.carrosserieducastellet.fr\/wp-content\/uploads\/2022\/03\/Ferrari_348_TB-3-825x620.jpg 825w, https:\/\/www.carrosserieducastellet.fr\/wp-content\/uploads\/2022\/03\/Ferrari_348_TB-3-1333x1000.jpg 1333w, https:\/\/www.carrosserieducastellet.fr\/wp-content\/uploads\/2022\/03\/Ferrari_348_TB-3-600x450.jpg 600w, https:\/\/www.carrosserieducastellet.fr\/wp-content\/uploads\/2022\/03\/Ferrari_348_TB-3-400x300.jpg 400w, https:\/\/www.carrosserieducastellet.fr\/wp-content\/uploads\/2022\/03\/Ferrari_348_TB-3.jpg 2048w\" sizes=\"auto, (max-width: 1024px) 100vw, 1024px\" \/><\/a><\/figure><\/li><\/ul><\/figure>\n\n\n\n<p>Et sur celle-ci, on remarque que le bas du pare-choc est noir.<\/p>\n","protected":false},"excerpt":{"rendered":"<p>Bon, ok, sur celle-l\u00e0 on n&rsquo;aura trait\u00e9 que le pare-choc avant&#8230; Mais c&rsquo;est tout de m\u00eame une Ferrari 348 3.4&hellip;<a href=\"https:\/\/www.carrosserieducastellet.fr\/index.php\/2021\/07\/07\/ferrari-348\/\" class=\"more-link\"><span class=\"more-button\">Lire<span class=\"screen-reader-text\">Ferrari 348<\/span><\/span><\/a><\/p>\n","protected":false},"author":2,"featured_media":838,"comment_status":"open","ping_status":"open","sticky":false,"template":"","format":"standard","meta":{"footnotes":""},"categories":[5],"tags":[],"class_list":["post-836","post","type-post","status-publish","format-standard","has-post-thumbnail","hentry","category-realisations"],"_links":{"self":[{"href":"https:\/\/www.carrosserieducastellet.fr\/index.php\/wp-json\/wp\/v2\/posts\/836","targetHints":{"allow":["GET"]}}],"collection":[{"href":"https:\/\/www.carrosserieducastellet.fr\/index.php\/wp-json\/wp\/v2\/posts"}],"about":[{"href":"https:\/\/www.carrosserieducastellet.fr\/index.php\/wp-json\/wp\/v2\/types\/post"}],"author":[{"embeddable":true,"href":"https:\/\/www.carrosserieducastellet.fr\/index.php\/wp-json\/wp\/v2\/users\/2"}],"replies":[{"embeddable":true,"href":"https:\/\/www.carrosserieducastellet.fr\/index.php\/wp-json\/wp\/v2\/comments?post=836"}],"version-history":[{"count":5,"href":"https:\/\/www.carrosserieducastellet.fr\/index.php\/wp-json\/wp\/v2\/posts\/836\/revisions"}],"predecessor-version":[{"id":1629,"href":"https:\/\/www.carrosserieducastellet.fr\/index.php\/wp-json\/wp\/v2\/posts\/836\/revisions\/1629"}],"wp:featuredmedia":[{"embeddable":true,"href":"https:\/\/www.carrosserieducastellet.fr\/index.php\/wp-json\/wp\/v2\/media\/838"}],"wp:attachment":[{"href":"https:\/\/www.carrosserieducastellet.fr\/index.php\/wp-json\/wp\/v2\/media?parent=836"}],"wp:term":[{"taxonomy":"category","embeddable":true,"href":"https:\/\/www.carrosserieducastellet.fr\/index.php\/wp-json\/wp\/v2\/categories?post=836"},{"taxonomy":"post_tag","embeddable":true,"href":"https:\/\/www.carrosserieducastellet.fr\/index.php\/wp-json\/wp\/v2\/tags?post=836"}],"curies":[{"name":"wp","href":"https:\/\/api.w.org\/{rel}","templated":true}]}}